{"id":29454,"date":"2021-12-12T12:00:00","date_gmt":"2021-12-12T11:00:00","guid":{"rendered":"https:\/\/nerdenthum.de\/?p=29454"},"modified":"2021-12-25T15:37:22","modified_gmt":"2021-12-25T14:37:22","slug":"rad-der-zeit-staffel-1-episode-1","status":"publish","type":"post","link":"https:\/\/nerdenthum.de\/index.php\/2021\/12\/12\/rad-der-zeit-staffel-1-episode-1\/","title":{"rendered":"Rad der Zeit Staffel 1 Episode 1"},"content":{"rendered":"\n<figure class=\"wp-block-image size-large\"><img data-recalc-dims=\"1\" loading=\"lazy\" decoding=\"async\" width=\"640\" height=\"427\" src=\"https:\/\/i0.wp.com\/nerdenthum.de\/wp-content\/uploads\/2021\/12\/WOFT_S1_UT_101_190917_THIJAN_00700_1-1024x683.jpg?resize=640%2C427&#038;ssl=1\" alt=\"\" class=\"wp-image-29455\" srcset=\"https:\/\/i0.wp.com\/nerdenthum.de\/wp-content\/uploads\/2021\/12\/WOFT_S1_UT_101_190917_THIJAN_00700_1.jpg?resize=1024%2C683&amp;ssl=1 1024w, https:\/\/i0.wp.com\/nerdenthum.de\/wp-content\/uploads\/2021\/12\/WOFT_S1_UT_101_190917_THIJAN_00700_1.jpg?resize=300%2C200&amp;ssl=1 300w, https:\/\/i0.wp.com\/nerdenthum.de\/wp-content\/uploads\/2021\/12\/WOFT_S1_UT_101_190917_THIJAN_00700_1.jpg?resize=768%2C512&amp;ssl=1 768w, https:\/\/i0.wp.com\/nerdenthum.de\/wp-content\/uploads\/2021\/12\/WOFT_S1_UT_101_190917_THIJAN_00700_1.jpg?w=1200&amp;ssl=1 1200w\" sizes=\"auto, (max-width: 640px) 100vw, 640px\" \/><\/figure>\n\n\n\n<p>Und wieder startet eine neue Verfilmung einer Fantasy-Romanserie. Rad der Zeit von Robert Jordan hat sich \u00fcber die Jahre und auch \u00fcber seinen Tod hinaus zu einer massiven Epos entwickelt und es bleibt abzuwarten in wie weit dies in einer TV Serie umzusetzen ist.<\/p>\n\n\n\n<p>Zun\u00e4chst gibt es ein paar Erkl\u00e4rungen. Der Dunkle K\u00f6nig will das Land unterjochen und nur der wiedergeborene Drache kann das verhindern. Doch als der Drache das letzte Mal gegen den Dunklen K\u00f6nig k\u00e4mpfte verlor er die Kontrolle und die Welt wurde fast vernichtet. <\/p>\n\n\n\n<p>Moiraine, eine der Aes Sedai, einem Orden von Frauen die die &#8222;eine Macht&#8220; nutzen k\u00f6nnen, kommt auf der Suche nach dem wiedergeborenen Drachen nach Emondsfelde wo sie diesen unter einem von viel jungen Menschen vermutet. Begleitet wird sie von Lan, ihrem H\u00fcter.<\/p>\n\n\n\n<p>Die viel Kandidaten sind Rand, der mit seinem Vater etwas au\u00dferhalb lebt, seine Freundin Egwene, die bestimmt ist die neue &#8222;Weisheit&#8220; des Dorfes zu werden und daher keine Liebesbeziehung eingehen darf, Perrin der Schmied und Mat ein Spieler und Taugenichts der aber immer wieder versucht seine kleinen Schwestern vom Missbrauch ihres Vaters zu sch\u00fctzen. Die Handlung nimmt fahrt aus als vom Dunklen K\u00f6nig ausgesandte Trollocs das Dorf angreifen.<\/p>\n\n\n\n<p>Im Gegensatz zum Roman gibt man sich hier M\u00fche die Vorstellung der Charaktere nicht unn\u00f6tig in die L\u00e4nge zu ziehen  wobei einige Informationen (noch) nicht gut r\u00fcber kommen. Man bekommt aber alles pr\u00e4sentiert um die Welt und die Handlungen zu verstehen. Der Beginn des Kampfes zum Ende der Folge scheint noch recht geschickt zwischen Action und dem Vermeiden allzu offensichtlicher Brutalit\u00e4t zu schwanken, doch das \u00e4ndert sich leider am Ende ein wenig. <\/p>\n\n\n\n<p>Grunds\u00e4tzlich spannend mit interessanten Charakteren, guten Schauspielern und gelungenen Effekten. <\/p>\n","protected":false},"excerpt":{"rendered":"<p>Und wieder startet eine neue Verfilmung einer Fantasy-Romanserie. Rad der Zeit von Robert Jordan hat sich \u00fcber die Jahre und auch \u00fcber seinen Tod hinaus zu einer massiven Epos entwickelt und es bleibt abzuwarten in wie weit dies in einer TV Serie umzusetzen ist. Zun\u00e4chst gibt es ein paar Erkl\u00e4rungen. Der Dunkle K\u00f6nig will das [&hellip;]<\/p>\n","protected":false},"author":1,"featured_media":29455,"comment_status":"open","ping_status":"open","sticky":false,"template":"","format":"standard","meta":{"ngg_post_thumbnail":0,"footnotes":""},"categories":[1],"tags":[3611,3612],"class_list":["post-29454","post","type-post","status-publish","format-standard","has-post-thumbnail","hentry","category-allgemein","tag-rad-der-zeit","tag-wheel-of-time"],"jetpack_featured_media_url":"https:\/\/i0.wp.com\/nerdenthum.de\/wp-content\/uploads\/2021\/12\/WOFT_S1_UT_101_190917_THIJAN_00700_1.jpg?fit=1200%2C800&ssl=1","jetpack_likes_enabled":true,"_links":{"self":[{"href":"https:\/\/nerdenthum.de\/index.php\/wp-json\/wp\/v2\/posts\/29454","targetHints":{"allow":["GET"]}}],"collection":[{"href":"https:\/\/nerdenthum.de\/index.php\/wp-json\/wp\/v2\/posts"}],"about":[{"href":"https:\/\/nerdenthum.de\/index.php\/wp-json\/wp\/v2\/types\/post"}],"author":[{"embeddable":true,"href":"https:\/\/nerdenthum.de\/index.php\/wp-json\/wp\/v2\/users\/1"}],"replies":[{"embeddable":true,"href":"https:\/\/nerdenthum.de\/index.php\/wp-json\/wp\/v2\/comments?post=29454"}],"version-history":[{"count":2,"href":"https:\/\/nerdenthum.de\/index.php\/wp-json\/wp\/v2\/posts\/29454\/revisions"}],"predecessor-version":[{"id":29457,"href":"https:\/\/nerdenthum.de\/index.php\/wp-json\/wp\/v2\/posts\/29454\/revisions\/29457"}],"wp:featuredmedia":[{"embeddable":true,"href":"https:\/\/nerdenthum.de\/index.php\/wp-json\/wp\/v2\/media\/29455"}],"wp:attachment":[{"href":"https:\/\/nerdenthum.de\/index.php\/wp-json\/wp\/v2\/media?parent=29454"}],"wp:term":[{"taxonomy":"category","embeddable":true,"href":"https:\/\/nerdenthum.de\/index.php\/wp-json\/wp\/v2\/categories?post=29454"},{"taxonomy":"post_tag","embeddable":true,"href":"https:\/\/nerdenthum.de\/index.php\/wp-json\/wp\/v2\/tags?post=29454"}],"curies":[{"name":"wp","href":"https:\/\/api.w.org\/{rel}","templated":true}]}}